{"id":647,"date":"2020-05-29T16:01:55","date_gmt":"2020-05-29T14:01:55","guid":{"rendered":"http:\/\/www.planeurs-nivernais.fr\/?p=647"},"modified":"2020-05-29T16:02:00","modified_gmt":"2020-05-29T14:02:00","slug":"preparation-de-la-saison-2020","status":"publish","type":"post","link":"https:\/\/www.planeurs-nivernais.fr\/index.php\/2020\/05\/29\/preparation-de-la-saison-2020\/","title":{"rendered":"Pr\u00e9paration de la saison 2020"},"content":{"rendered":"\n<p>Les t\u00e2ches n\u00e9cessaires \u00e0 la reprise d&#8217;activit\u00e9 sont nombreuses : visites techniques des planeurs, nettoyages, contr\u00f4les des \u00e9quipements. Trois planeurs seront en service cette saison : deux biplaces et un monoplace.<\/p>\n","protected":false},"excerpt":{"rendered":"<p>Les t\u00e2ches n\u00e9cessaires \u00e0 la reprise d&#8217;activit\u00e9 sont nombreuses : visites techniques des planeurs, nettoyages, contr\u00f4les des \u00e9quipements. Trois planeurs seront en service cette saison : deux biplaces et un monoplace.<\/p>\n","protected":false},"author":1,"featured_media":639,"comment_status":"open","ping_status":"open","sticky":false,"template":"","format":"standard","meta":{"footnotes":""},"categories":[1],"tags":[],"class_list":["post-647","post","type-post","status-publish","format-standard","has-post-thumbnail","hentry","category-non-classe"],"yoast_head":"<!-- This site is optimized with the Yoast SEO plugin v24.7 - https:\/\/yoast.com\/wordpress\/plugins\/seo\/ -->\n<title>Planeurs Nivernais | CVVN58 | Planeur Nevers Ni\u00e8vre<\/title>\n<meta name=\"description\" content=\"Vol en planeur \u00e0 Nevers Ni\u00e8vre | Planeurs Nivernais | CVVN58\" \/>\n<meta name=\"robots\" content=\"index, follow, max-snippet:-1, max-image-preview:large, max-video-preview:-1\" \/>\n<link rel=\"canonical\" href=\"https:\/\/www.planeurs-nivernais.fr\/index.php\/2020\/05\/29\/preparation-de-la-saison-2020\/\" \/>\n<meta property=\"og:locale\" content=\"en_US\" \/>\n<meta property=\"og:type\" content=\"article\" \/>\n<meta property=\"og:title\" content=\"Planeurs Nivernais | CVVN58 | Planeur Nevers Ni\u00e8vre\" \/>\n<meta property=\"og:description\" content=\"Vol en planeur \u00e0 Nevers Ni\u00e8vre | Planeurs Nivernais | CVVN58\" \/>\n<meta property=\"og:url\" content=\"https:\/\/www.planeurs-nivernais.fr\/index.php\/2020\/05\/29\/preparation-de-la-saison-2020\/\" \/>\n<meta property=\"og:site_name\" content=\"Planeurs Nivernais | CVVN58 | Planeur Nevers Ni\u00e8vre\" \/>\n<meta property=\"article:published_time\" content=\"2020-05-29T14:01:55+00:00\" \/>\n<meta property=\"article:modified_time\" content=\"2020-05-29T14:02:00+00:00\" \/>\n<meta property=\"og:image\" content=\"https:\/\/www.planeurs-nivernais.fr\/wp-content\/uploads\/2020\/05\/IMG_0686.jpg\" \/>\n\t<meta property=\"og:image:width\" content=\"1516\" \/>\n\t<meta property=\"og:image:height\" content=\"2088\" \/>\n\t<meta property=\"og:image:type\" content=\"image\/jpeg\" \/>\n<meta name=\"author\" content=\"admin\" \/>\n<meta name=\"twitter:card\" content=\"summary_large_image\" \/>\n<meta name=\"twitter:label1\" content=\"Written by\" \/>\n\t<meta name=\"twitter:data1\" content=\"admin\" \/>\n<script type=\"application\/ld+json\" class=\"yoast-schema-graph\">{\"@context\":\"https:\/\/schema.org\",\"@graph\":[{\"@type\":\"Article\",\"@id\":\"https:\/\/www.planeurs-nivernais.fr\/index.php\/2020\/05\/29\/preparation-de-la-saison-2020\/#article\",\"isPartOf\":{\"@id\":\"https:\/\/www.planeurs-nivernais.fr\/index.php\/2020\/05\/29\/preparation-de-la-saison-2020\/\"},\"author\":{\"name\":\"admin\",\"@id\":\"https:\/\/www.planeurs-nivernais.fr\/#\/schema\/person\/7a282489db11c0e0865e7103ac4e5115\"},\"headline\":\"Pr\u00e9paration de la saison 2020\",\"datePublished\":\"2020-05-29T14:01:55+00:00\",\"dateModified\":\"2020-05-29T14:02:00+00:00\",\"mainEntityOfPage\":{\"@id\":\"https:\/\/www.planeurs-nivernais.fr\/index.php\/2020\/05\/29\/preparation-de-la-saison-2020\/\"},\"wordCount\":36,\"commentCount\":0,\"publisher\":{\"@id\":\"https:\/\/www.planeurs-nivernais.fr\/#organization\"},\"image\":{\"@id\":\"https:\/\/www.planeurs-nivernais.fr\/index.php\/2020\/05\/29\/preparation-de-la-saison-2020\/#primaryimage\"},\"thumbnailUrl\":\"https:\/\/www.planeurs-nivernais.fr\/wp-content\/uploads\/2020\/05\/IMG_0686.jpg\",\"articleSection\":[\"Non class\u00e9\"],\"inLanguage\":\"en-US\",\"potentialAction\":[{\"@type\":\"CommentAction\",\"name\":\"Comment\",\"target\":[\"https:\/\/www.planeurs-nivernais.fr\/index.php\/2020\/05\/29\/preparation-de-la-saison-2020\/#respond\"]}]},{\"@type\":\"WebPage\",\"@id\":\"https:\/\/www.planeurs-nivernais.fr\/index.php\/2020\/05\/29\/preparation-de-la-saison-2020\/\",\"url\":\"https:\/\/www.planeurs-nivernais.fr\/index.php\/2020\/05\/29\/preparation-de-la-saison-2020\/\",\"name\":\"Planeurs Nivernais | CVVN58 | Planeur Nevers Ni\u00e8vre\",\"isPartOf\":{\"@id\":\"https:\/\/www.planeurs-nivernais.fr\/#website\"},\"primaryImageOfPage\":{\"@id\":\"https:\/\/www.planeurs-nivernais.fr\/index.php\/2020\/05\/29\/preparation-de-la-saison-2020\/#primaryimage\"},\"image\":{\"@id\":\"https:\/\/www.planeurs-nivernais.fr\/index.php\/2020\/05\/29\/preparation-de-la-saison-2020\/#primaryimage\"},\"thumbnailUrl\":\"https:\/\/www.planeurs-nivernais.fr\/wp-content\/uploads\/2020\/05\/IMG_0686.jpg\",\"datePublished\":\"2020-05-29T14:01:55+00:00\",\"dateModified\":\"2020-05-29T14:02:00+00:00\",\"description\":\"Vol en planeur \u00e0 Nevers Ni\u00e8vre | Planeurs Nivernais | CVVN58\",\"breadcrumb\":{\"@id\":\"https:\/\/www.planeurs-nivernais.fr\/index.php\/2020\/05\/29\/preparation-de-la-saison-2020\/#breadcrumb\"},\"inLanguage\":\"en-US\",\"potentialAction\":[{\"@type\":\"ReadAction\",\"target\":[\"https:\/\/www.planeurs-nivernais.fr\/index.php\/2020\/05\/29\/preparation-de-la-saison-2020\/\"]}]},{\"@type\":\"ImageObject\",\"inLanguage\":\"en-US\",\"@id\":\"https:\/\/www.planeurs-nivernais.fr\/index.php\/2020\/05\/29\/preparation-de-la-saison-2020\/#primaryimage\",\"url\":\"https:\/\/www.planeurs-nivernais.fr\/wp-content\/uploads\/2020\/05\/IMG_0686.jpg\",\"contentUrl\":\"https:\/\/www.planeurs-nivernais.fr\/wp-content\/uploads\/2020\/05\/IMG_0686.jpg\",\"width\":1516,\"height\":2088},{\"@type\":\"BreadcrumbList\",\"@id\":\"https:\/\/www.planeurs-nivernais.fr\/index.php\/2020\/05\/29\/preparation-de-la-saison-2020\/#breadcrumb\",\"itemListElement\":[{\"@type\":\"ListItem\",\"position\":1,\"name\":\"Accueil\",\"item\":\"https:\/\/www.planeurs-nivernais.fr\/\"},{\"@type\":\"ListItem\",\"position\":2,\"name\":\"Pr\u00e9paration de la saison 2020\"}]},{\"@type\":\"WebSite\",\"@id\":\"https:\/\/www.planeurs-nivernais.fr\/#website\",\"url\":\"https:\/\/www.planeurs-nivernais.fr\/\",\"name\":\"Planeurs Nivernais | CVVN58 | Planeur Nevers Ni\u00e8vre\",\"description\":\"\",\"publisher\":{\"@id\":\"https:\/\/www.planeurs-nivernais.fr\/#organization\"},\"potentialAction\":[{\"@type\":\"SearchAction\",\"target\":{\"@type\":\"EntryPoint\",\"urlTemplate\":\"https:\/\/www.planeurs-nivernais.fr\/?s={search_term_string}\"},\"query-input\":{\"@type\":\"PropertyValueSpecification\",\"valueRequired\":true,\"valueName\":\"search_term_string\"}}],\"inLanguage\":\"en-US\"},{\"@type\":\"Organization\",\"@id\":\"https:\/\/www.planeurs-nivernais.fr\/#organization\",\"name\":\"Planeurs Nivernais | CVVN58 | Planeur Nevers Ni\u00e8vre\",\"url\":\"https:\/\/www.planeurs-nivernais.fr\/\",\"logo\":{\"@type\":\"ImageObject\",\"inLanguage\":\"en-US\",\"@id\":\"https:\/\/www.planeurs-nivernais.fr\/#\/schema\/logo\/image\/\",\"url\":\"http:\/\/www.planeurs-nivernais.fr\/wp-content\/uploads\/2020\/05\/cropped-logo.png\",\"contentUrl\":\"http:\/\/www.planeurs-nivernais.fr\/wp-content\/uploads\/2020\/05\/cropped-logo.png\",\"width\":213,\"height\":110,\"caption\":\"Planeurs Nivernais | CVVN58 | Planeur Nevers Ni\u00e8vre\"},\"image\":{\"@id\":\"https:\/\/www.planeurs-nivernais.fr\/#\/schema\/logo\/image\/\"}},{\"@type\":\"Person\",\"@id\":\"https:\/\/www.planeurs-nivernais.fr\/#\/schema\/person\/7a282489db11c0e0865e7103ac4e5115\",\"name\":\"admin\",\"image\":{\"@type\":\"ImageObject\",\"inLanguage\":\"en-US\",\"@id\":\"https:\/\/www.planeurs-nivernais.fr\/#\/schema\/person\/image\/\",\"url\":\"https:\/\/secure.gravatar.com\/avatar\/ba9a207590c774aae488e726271d0779?s=96&d=mm&r=g\",\"contentUrl\":\"https:\/\/secure.gravatar.com\/avatar\/ba9a207590c774aae488e726271d0779?s=96&d=mm&r=g\",\"caption\":\"admin\"}}]}<\/script>\n<!-- \/ Yoast SEO plugin. -->","yoast_head_json":{"title":"Planeurs Nivernais | CVVN58 | Planeur Nevers Ni\u00e8vre","description":"Vol en planeur \u00e0 Nevers Ni\u00e8vre | Planeurs Nivernais | CVVN58","robots":{"index":"index","follow":"follow","max-snippet":"max-snippet:-1","max-image-preview":"max-image-preview:large","max-video-preview":"max-video-preview:-1"},"canonical":"https:\/\/www.planeurs-nivernais.fr\/index.php\/2020\/05\/29\/preparation-de-la-saison-2020\/","og_locale":"en_US","og_type":"article","og_title":"Planeurs Nivernais | CVVN58 | Planeur Nevers Ni\u00e8vre","og_description":"Vol en planeur \u00e0 Nevers Ni\u00e8vre | Planeurs Nivernais | CVVN58","og_url":"https:\/\/www.planeurs-nivernais.fr\/index.php\/2020\/05\/29\/preparation-de-la-saison-2020\/","og_site_name":"Planeurs Nivernais | CVVN58 | Planeur Nevers Ni\u00e8vre","article_published_time":"2020-05-29T14:01:55+00:00","article_modified_time":"2020-05-29T14:02:00+00:00","og_image":[{"width":1516,"height":2088,"url":"https:\/\/www.planeurs-nivernais.fr\/wp-content\/uploads\/2020\/05\/IMG_0686.jpg","type":"image\/jpeg"}],"author":"admin","twitter_card":"summary_large_image","twitter_misc":{"Written by":"admin"},"schema":{"@context":"https:\/\/schema.org","@graph":[{"@type":"Article","@id":"https:\/\/www.planeurs-nivernais.fr\/index.php\/2020\/05\/29\/preparation-de-la-saison-2020\/#article","isPartOf":{"@id":"https:\/\/www.planeurs-nivernais.fr\/index.php\/2020\/05\/29\/preparation-de-la-saison-2020\/"},"author":{"name":"admin","@id":"https:\/\/www.planeurs-nivernais.fr\/#\/schema\/person\/7a282489db11c0e0865e7103ac4e5115"},"headline":"Pr\u00e9paration de la saison 2020","datePublished":"2020-05-29T14:01:55+00:00","dateModified":"2020-05-29T14:02:00+00:00","mainEntityOfPage":{"@id":"https:\/\/www.planeurs-nivernais.fr\/index.php\/2020\/05\/29\/preparation-de-la-saison-2020\/"},"wordCount":36,"commentCount":0,"publisher":{"@id":"https:\/\/www.planeurs-nivernais.fr\/#organization"},"image":{"@id":"https:\/\/www.planeurs-nivernais.fr\/index.php\/2020\/05\/29\/preparation-de-la-saison-2020\/#primaryimage"},"thumbnailUrl":"https:\/\/www.planeurs-nivernais.fr\/wp-content\/uploads\/2020\/05\/IMG_0686.jpg","articleSection":["Non class\u00e9"],"inLanguage":"en-US","potentialAction":[{"@type":"CommentAction","name":"Comment","target":["https:\/\/www.planeurs-nivernais.fr\/index.php\/2020\/05\/29\/preparation-de-la-saison-2020\/#respond"]}]},{"@type":"WebPage","@id":"https:\/\/www.planeurs-nivernais.fr\/index.php\/2020\/05\/29\/preparation-de-la-saison-2020\/","url":"https:\/\/www.planeurs-nivernais.fr\/index.php\/2020\/05\/29\/preparation-de-la-saison-2020\/","name":"Planeurs Nivernais | CVVN58 | Planeur Nevers Ni\u00e8vre","isPartOf":{"@id":"https:\/\/www.planeurs-nivernais.fr\/#website"},"primaryImageOfPage":{"@id":"https:\/\/www.planeurs-nivernais.fr\/index.php\/2020\/05\/29\/preparation-de-la-saison-2020\/#primaryimage"},"image":{"@id":"https:\/\/www.planeurs-nivernais.fr\/index.php\/2020\/05\/29\/preparation-de-la-saison-2020\/#primaryimage"},"thumbnailUrl":"https:\/\/www.planeurs-nivernais.fr\/wp-content\/uploads\/2020\/05\/IMG_0686.jpg","datePublished":"2020-05-29T14:01:55+00:00","dateModified":"2020-05-29T14:02:00+00:00","description":"Vol en planeur \u00e0 Nevers Ni\u00e8vre | Planeurs Nivernais | CVVN58","breadcrumb":{"@id":"https:\/\/www.planeurs-nivernais.fr\/index.php\/2020\/05\/29\/preparation-de-la-saison-2020\/#breadcrumb"},"inLanguage":"en-US","potentialAction":[{"@type":"ReadAction","target":["https:\/\/www.planeurs-nivernais.fr\/index.php\/2020\/05\/29\/preparation-de-la-saison-2020\/"]}]},{"@type":"ImageObject","inLanguage":"en-US","@id":"https:\/\/www.planeurs-nivernais.fr\/index.php\/2020\/05\/29\/preparation-de-la-saison-2020\/#primaryimage","url":"https:\/\/www.planeurs-nivernais.fr\/wp-content\/uploads\/2020\/05\/IMG_0686.jpg","contentUrl":"https:\/\/www.planeurs-nivernais.fr\/wp-content\/uploads\/2020\/05\/IMG_0686.jpg","width":1516,"height":2088},{"@type":"BreadcrumbList","@id":"https:\/\/www.planeurs-nivernais.fr\/index.php\/2020\/05\/29\/preparation-de-la-saison-2020\/#breadcrumb","itemListElement":[{"@type":"ListItem","position":1,"name":"Accueil","item":"https:\/\/www.planeurs-nivernais.fr\/"},{"@type":"ListItem","position":2,"name":"Pr\u00e9paration de la saison 2020"}]},{"@type":"WebSite","@id":"https:\/\/www.planeurs-nivernais.fr\/#website","url":"https:\/\/www.planeurs-nivernais.fr\/","name":"Planeurs Nivernais | CVVN58 | Planeur Nevers Ni\u00e8vre","description":"","publisher":{"@id":"https:\/\/www.planeurs-nivernais.fr\/#organization"},"potentialAction":[{"@type":"SearchAction","target":{"@type":"EntryPoint","urlTemplate":"https:\/\/www.planeurs-nivernais.fr\/?s={search_term_string}"},"query-input":{"@type":"PropertyValueSpecification","valueRequired":true,"valueName":"search_term_string"}}],"inLanguage":"en-US"},{"@type":"Organization","@id":"https:\/\/www.planeurs-nivernais.fr\/#organization","name":"Planeurs Nivernais | CVVN58 | Planeur Nevers Ni\u00e8vre","url":"https:\/\/www.planeurs-nivernais.fr\/","logo":{"@type":"ImageObject","inLanguage":"en-US","@id":"https:\/\/www.planeurs-nivernais.fr\/#\/schema\/logo\/image\/","url":"http:\/\/www.planeurs-nivernais.fr\/wp-content\/uploads\/2020\/05\/cropped-logo.png","contentUrl":"http:\/\/www.planeurs-nivernais.fr\/wp-content\/uploads\/2020\/05\/cropped-logo.png","width":213,"height":110,"caption":"Planeurs Nivernais | CVVN58 | Planeur Nevers Ni\u00e8vre"},"image":{"@id":"https:\/\/www.planeurs-nivernais.fr\/#\/schema\/logo\/image\/"}},{"@type":"Person","@id":"https:\/\/www.planeurs-nivernais.fr\/#\/schema\/person\/7a282489db11c0e0865e7103ac4e5115","name":"admin","image":{"@type":"ImageObject","inLanguage":"en-US","@id":"https:\/\/www.planeurs-nivernais.fr\/#\/schema\/person\/image\/","url":"https:\/\/secure.gravatar.com\/avatar\/ba9a207590c774aae488e726271d0779?s=96&d=mm&r=g","contentUrl":"https:\/\/secure.gravatar.com\/avatar\/ba9a207590c774aae488e726271d0779?s=96&d=mm&r=g","caption":"admin"}}]}},"_links":{"self":[{"href":"https:\/\/www.planeurs-nivernais.fr\/index.php\/wp-json\/wp\/v2\/posts\/647","targetHints":{"allow":["GET"]}}],"collection":[{"href":"https:\/\/www.planeurs-nivernais.fr\/index.php\/wp-json\/wp\/v2\/posts"}],"about":[{"href":"https:\/\/www.planeurs-nivernais.fr\/index.php\/wp-json\/wp\/v2\/types\/post"}],"author":[{"embeddable":true,"href":"https:\/\/www.planeurs-nivernais.fr\/index.php\/wp-json\/wp\/v2\/users\/1"}],"replies":[{"embeddable":true,"href":"https:\/\/www.planeurs-nivernais.fr\/index.php\/wp-json\/wp\/v2\/comments?post=647"}],"version-history":[{"count":1,"href":"https:\/\/www.planeurs-nivernais.fr\/index.php\/wp-json\/wp\/v2\/posts\/647\/revisions"}],"predecessor-version":[{"id":648,"href":"https:\/\/www.planeurs-nivernais.fr\/index.php\/wp-json\/wp\/v2\/posts\/647\/revisions\/648"}],"wp:featuredmedia":[{"embeddable":true,"href":"https:\/\/www.planeurs-nivernais.fr\/index.php\/wp-json\/wp\/v2\/media\/639"}],"wp:attachment":[{"href":"https:\/\/www.planeurs-nivernais.fr\/index.php\/wp-json\/wp\/v2\/media?parent=647"}],"wp:term":[{"taxonomy":"category","embeddable":true,"href":"https:\/\/www.planeurs-nivernais.fr\/index.php\/wp-json\/wp\/v2\/categories?post=647"},{"taxonomy":"post_tag","embeddable":true,"href":"https:\/\/www.planeurs-nivernais.fr\/index.php\/wp-json\/wp\/v2\/tags?post=647"}],"curies":[{"name":"wp","href":"https:\/\/api.w.org\/{rel}","templated":true}]}}